{"id":87,"date":"2018-03-20T12:24:24","date_gmt":"2018-03-20T12:24:24","guid":{"rendered":"http:\/\/artistglobalmanagement.com\/?p=87"},"modified":"2026-03-17T01:32:16","modified_gmt":"2026-03-17T01:32:16","slug":"um-dia-uma-vida","status":"publish","type":"post","link":"https:\/\/artistglobalmanagement.com\/en\/um-dia-uma-vida\/","title":{"rendered":"UM DIA, UMA VIDA"},"content":{"rendered":"<div class=\"wpb-content-wrapper\">[vc_row][vc_column width=&#8221;2\/3&#8243;][vc_column_text css=&#8221;.vc_custom_1678272936584{margin-bottom: 0px !important;}&#8221;]Criado a partir do poema hom\u00f3nimo de Ruy Belo, o espet\u00e1culo acompanha hist\u00f3rias de quatro personagens que se entrecruzam e nos envolvem no modo como vivem o tempo que passa.<br \/>\n<strong>17 maio a 25 Junho\/2018<\/strong><br \/>\n<strong> Teatro Aberto. Lisboa.<\/strong>[\/vc_column_text][\/vc_column][vc_column width=&#8221;1\/3&#8243;][vc_single_image image=&#8221;85&#8243; img_size=&#8221;&#8221;][\/vc_column][\/vc_row]\n<\/div>","protected":false},"excerpt":{"rendered":"<p>Criado a partir do poema hom\u00f3nimo de Ruy Belo, o espet\u00e1culo acompanha hist\u00f3rias de quatro personagens que se entrecruzam<\/p>\n","protected":false},"author":1,"featured_media":85,"comment_status":"closed","ping_status":"closed","sticky":false,"template":"","format":"standard","meta":{"rs_blank_template":"","rs_page_bg_color":"","slide_template_v7":"","wpupg_custom_link":[],"wpupg_custom_link_behaviour":["default"],"wpupg_custom_image":[],"wpupg_custom_image_id":[],"footnotes":""},"categories":[10],"tags":[],"class_list":["post-87","post","type-post","status-publish","format-standard","has-post-thumbnail","hentry","category-proximas-estreias"],"acf":[],"aioseo_notices":[],"_links":{"self":[{"href":"https:\/\/artistglobalmanagement.com\/en\/wp-json\/wp\/v2\/posts\/87","targetHints":{"allow":["GET"]}}],"collection":[{"href":"https:\/\/artistglobalmanagement.com\/en\/wp-json\/wp\/v2\/posts"}],"about":[{"href":"https:\/\/artistglobalmanagement.com\/en\/wp-json\/wp\/v2\/types\/post"}],"author":[{"embeddable":true,"href":"https:\/\/artistglobalmanagement.com\/en\/wp-json\/wp\/v2\/users\/1"}],"replies":[{"embeddable":true,"href":"https:\/\/artistglobalmanagement.com\/en\/wp-json\/wp\/v2\/comments?post=87"}],"version-history":[{"count":9,"href":"https:\/\/artistglobalmanagement.com\/en\/wp-json\/wp\/v2\/posts\/87\/revisions"}],"predecessor-version":[{"id":21287,"href":"https:\/\/artistglobalmanagement.com\/en\/wp-json\/wp\/v2\/posts\/87\/revisions\/21287"}],"wp:featuredmedia":[{"embeddable":true,"href":"https:\/\/artistglobalmanagement.com\/en\/wp-json\/wp\/v2\/media\/85"}],"wp:attachment":[{"href":"https:\/\/artistglobalmanagement.com\/en\/wp-json\/wp\/v2\/media?parent=87"}],"wp:term":[{"taxonomy":"category","embeddable":true,"href":"https:\/\/artistglobalmanagement.com\/en\/wp-json\/wp\/v2\/categories?post=87"},{"taxonomy":"post_tag","embeddable":true,"href":"https:\/\/artistglobalmanagement.com\/en\/wp-json\/wp\/v2\/tags?post=87"}],"curies":[{"name":"wp","href":"https:\/\/api.w.org\/{rel}","templated":true}]}}